{"id":49,"date":"2017-07-03T15:36:54","date_gmt":"2017-07-03T13:36:54","guid":{"rendered":"http:\/\/gdr-gpl-ie.lacl.fr\/?p=49"},"modified":"2018-08-21T20:51:57","modified_gmt":"2018-08-21T18:51:57","slug":"journees-n1","status":"publish","type":"post","link":"https:\/\/gdr-gpl-ie.lacl.fr\/?p=49","title":{"rendered":"Journ\u00e9e 9 octobre 2015"},"content":{"rendered":"<p>Voici le programme de la journ\u00e9e du groupe de travail Ing\u00e9nierie des Exigences du GDR GPL, 9 octobre 2015<!--more--><\/p>\n<p>9h45 &#8211; 10h : Accueil<br \/>\n10h &#8211; 10h15 : Pr\u00e9sentation du GT par R\u00e9gine Laleau et Camille Salinesi<br \/>\n10h15 &#8211; 11h30 : Pr\u00e9sentations des participants (voir d\u00e9tails ci-dessous) :<br \/>\n11h30 \u2013 12h30 :<br \/>\n&#8211; Patrick Saint-Dizier (IRIT Toulouse) LELIE: strat\u00e9gies d&rsquo;aide \u00e0 la r\u00e9daction d&rsquo;exigences: comment en am\u00e9liorer la lisibilit\u00e9 et la coh\u00e9sion ?<br \/>\n&#8211; Mathieu Acher et Sana Ben Nasr (IRISA, Rennes) Analyse de la langue naturelle et de documents semi structur\u00e9s pour mod\u00e9liser la variabilit\u00e9 dans les exigences<br \/>\n12h30 &#8211; 14h : Repas<br \/>\n14h &#8211; 15h :<br \/>\n&#8211; Jeanine Souqui\u00e8res et Imen Sayar (LORIA, Nancy) Articulation entre activit\u00e9s formelles et activit\u00e9s semi-formelles dans le d\u00e9veloppement de logiciels<br \/>\n&#8211; Isabelle Mirbel et Pierre Crescenzo (I3S, Nice) Langages &amp; techniques du Web s\u00e9mantique pour l&rsquo;ing\u00e9nierie des besoins<br \/>\n15h &#8211; 15h15 : Pause<br \/>\n15h15 &#8211; 17h : discussions sur l&rsquo;organisation du GT (identification de d\u00e9fis, actions possibles du GT et dans le GT, agenda, \u2026 )<\/p>\n<p>Afin de respecter le programme, la pr\u00e9sentation de chaque participant sera de 5mn maximum et est limit\u00e9e \u00e0 2 transparents :<br \/>\n&#8211; Pr\u00e9sentation de l&rsquo;\u00e9quipe<br \/>\n&#8211; Int\u00e9r\u00eats pour le GT (ce que vous apportez dans le GT)<br \/>\n&#8211; Attentes (ce que vous attendez du GT)<\/p>\n","protected":false},"excerpt":{"rendered":"<p>Voici le programme de la journ\u00e9e du groupe de travail Ing\u00e9nierie des Exigences du GDR GPL, 9 octobre 2015<\/p>\n","protected":false},"author":6,"featured_media":0,"comment_status":"closed","ping_status":"open","sticky":false,"template":"","format":"standard","meta":{"footnotes":""},"categories":[4,5],"tags":[],"class_list":["post-49","post","type-post","status-publish","format-standard","hentry","category-annonce","category-journees"],"_links":{"self":[{"href":"https:\/\/gdr-gpl-ie.lacl.fr\/index.php?rest_route=\/wp\/v2\/posts\/49","targetHints":{"allow":["GET"]}}],"collection":[{"href":"https:\/\/gdr-gpl-ie.lacl.fr\/index.php?rest_route=\/wp\/v2\/posts"}],"about":[{"href":"https:\/\/gdr-gpl-ie.lacl.fr\/index.php?rest_route=\/wp\/v2\/types\/post"}],"author":[{"embeddable":true,"href":"https:\/\/gdr-gpl-ie.lacl.fr\/index.php?rest_route=\/wp\/v2\/users\/6"}],"replies":[{"embeddable":true,"href":"https:\/\/gdr-gpl-ie.lacl.fr\/index.php?rest_route=%2Fwp%2Fv2%2Fcomments&post=49"}],"version-history":[{"count":4,"href":"https:\/\/gdr-gpl-ie.lacl.fr\/index.php?rest_route=\/wp\/v2\/posts\/49\/revisions"}],"predecessor-version":[{"id":75,"href":"https:\/\/gdr-gpl-ie.lacl.fr\/index.php?rest_route=\/wp\/v2\/posts\/49\/revisions\/75"}],"wp:attachment":[{"href":"https:\/\/gdr-gpl-ie.lacl.fr\/index.php?rest_route=%2Fwp%2Fv2%2Fmedia&parent=49"}],"wp:term":[{"taxonomy":"category","embeddable":true,"href":"https:\/\/gdr-gpl-ie.lacl.fr\/index.php?rest_route=%2Fwp%2Fv2%2Fcategories&post=49"},{"taxonomy":"post_tag","embeddable":true,"href":"https:\/\/gdr-gpl-ie.lacl.fr\/index.php?rest_route=%2Fwp%2Fv2%2Ftags&post=49"}],"curies":[{"name":"wp","href":"https:\/\/api.w.org\/{rel}","templated":true}]}}